{"id":4295,"date":"2023-04-27T19:03:13","date_gmt":"2023-04-27T17:03:13","guid":{"rendered":"https:\/\/f4ftech.com\/zdobylismy-uwage-brukseli-farma-akwaponiczna-dla-przyszlosci-2\/"},"modified":"2026-03-07T22:20:31","modified_gmt":"2026-03-07T21:20:31","slug":"zdobylismy-uwage-brukseli-farma-akwaponiczna-dla-przyszlosci-2","status":"publish","type":"post","link":"https:\/\/f4ftech.com\/pl\/zdobylismy-uwage-brukseli-farma-akwaponiczna-dla-przyszlosci-2\/","title":{"rendered":"Zdobyli\u015bmy uwag\u0119 Brukseli &#8211; Farma Akwaponiczna dla przysz\u0142o\u015bci!"},"content":{"rendered":"<p>[et_pb_section fb_built=&#8221;1&#8243; _builder_version=&#8221;4.27.6&#8243; _module_preset=&#8221;default&#8221; global_colors_info=&#8221;{}&#8221; theme_builder_area=&#8221;post_content&#8221;][et_pb_row admin_label=&#8221;row&#8221; _builder_version=&#8221;4.16&#8243; background_size=&#8221;initial&#8221; background_position=&#8221;top_left&#8221; background_repeat=&#8221;repeat&#8221; locked=&#8221;off&#8221; global_colors_info=&#8221;{}&#8221; theme_builder_area=&#8221;post_content&#8221;][et_pb_column type=&#8221;4_4&#8243; _builder_version=&#8221;4.16&#8243; custom_padding=&#8221;|||&#8221; global_colors_info=&#8221;{}&#8221; custom_padding__hover=&#8221;|||&#8221; theme_builder_area=&#8221;post_content&#8221;][et_pb_text admin_label=&#8221;Text&#8221; _builder_version=&#8221;4.27.5&#8243; background_size=&#8221;initial&#8221; background_position=&#8221;top_left&#8221; background_repeat=&#8221;repeat&#8221; global_colors_info=&#8221;{}&#8221; theme_builder_area=&#8221;post_content&#8221;]<\/p>\n<h2><strong>Kilka dni temu odwiedzi\u0142 nas Komisarz Virginijus Sinkevi\u010dius, kt\u00f3ry w ramach programu Unii Europejskiej \u201eBezpieczna \u017cywno\u015b\u0107 dla Europy\u201d (\u201eEuropejski Zielony \u0141ad\u201d) przyjrza\u0142 si\u0119 pracy i projektom Food4Future.<\/strong><\/h2>\n<p>&nbsp;<\/p>\n<p><img loading=\"lazy\" decoding=\"async\" class=\"aligncenter wp-image-1315 size-full\" src=\"https:\/\/f4ftech.com\/wp-content\/uploads\/2023\/04\/WhatsApp-Image-2023-04-21-at-16.41.43-1.webp\" alt=\"System akwaponiczny\" width=\"1616\" height=\"1080\" srcset=\"https:\/\/f4ftech.com\/wp-content\/uploads\/2023\/04\/WhatsApp-Image-2023-04-21-at-16.41.43-1.webp 1616w, https:\/\/f4ftech.com\/wp-content\/uploads\/2023\/04\/WhatsApp-Image-2023-04-21-at-16.41.43-1-1280x855.webp 1280w, https:\/\/f4ftech.com\/wp-content\/uploads\/2023\/04\/WhatsApp-Image-2023-04-21-at-16.41.43-1-980x655.webp 980w, https:\/\/f4ftech.com\/wp-content\/uploads\/2023\/04\/WhatsApp-Image-2023-04-21-at-16.41.43-1-480x321.webp 480w\" sizes=\"(min-width: 0px) and (max-width: 480px) 480px, (min-width: 481px) and (max-width: 980px) 980px, (min-width: 981px) and (max-width: 1280px) 1280px, (min-width: 1281px) 1616px, 100vw\" \/><\/p>\n<p><span style=\"font-weight: 400;\">Wi\u0119cej informacji na temat aktywno\u015bci naszego go\u015bcia mo\u017cna znale\u017a\u0107<\/span><a href=\"https:\/\/commissioners.ec.europa.eu\/virginijus-sinkevicius_en\" target=\"_blank\" rel=\"noopener\"> <span style=\"font-weight: 400;\">tutaj<\/span><\/a><span style=\"font-weight: 400;\">.<\/span><\/p>\n<p><span style=\"font-weight: 400;\">Virginijus Sinkevi\u010dius to litewski polityk, kt\u00f3ry od 2019 r. pe\u0142ni funkcj\u0119 komisarza UE ds. \u015brodowiska, ocean\u00f3w i rybo\u0142\u00f3wstwa. Wcze\u015bniej by\u0142 litewskim ministrem gospodarki i innowacji oraz pos\u0142em do litewskiego parlamentu. <strong>Sinkevi\u010dius jest znany ze swojej pracy na rzecz promowania zr\u00f3wnowa\u017conego rozwoju i ochrony \u015brodowiska, odegra\u0142 r\u00f3wnie\u017c kluczow\u0105 rol\u0119 w kszta\u0142towaniu polityki UE w tych tematach<\/strong>. Jest r\u00f3wnie\u017c najm\u0142odszym komisarzem w historii Unii Europejskiej. <\/span><\/p>\n<p>&nbsp;<\/p>\n<p><img loading=\"lazy\" decoding=\"async\" class=\"aligncenter wp-image-1321 size-full\" src=\"https:\/\/f4ftech.com\/wp-content\/uploads\/2023\/04\/WhatsApp-Image-2023-04-21-at-16.41.43.webp\" alt=\"\" width=\"1440\" height=\"960\" srcset=\"https:\/\/f4ftech.com\/wp-content\/uploads\/2023\/04\/WhatsApp-Image-2023-04-21-at-16.41.43.webp 1440w, https:\/\/f4ftech.com\/wp-content\/uploads\/2023\/04\/WhatsApp-Image-2023-04-21-at-16.41.43-1280x853.webp 1280w, https:\/\/f4ftech.com\/wp-content\/uploads\/2023\/04\/WhatsApp-Image-2023-04-21-at-16.41.43-980x653.webp 980w, https:\/\/f4ftech.com\/wp-content\/uploads\/2023\/04\/WhatsApp-Image-2023-04-21-at-16.41.43-480x320.webp 480w\" sizes=\"(min-width: 0px) and (max-width: 480px) 480px, (min-width: 481px) and (max-width: 980px) 980px, (min-width: 981px) and (max-width: 1280px) 1280px, (min-width: 1281px) 1440px, 100vw\" \/><\/p>\n<p><span style=\"font-weight: 400;\"><br \/>Przede wszystkim chcieli\u015bmy zaprezentowa\u0107 mo\u017cliwo\u015bci, pomys\u0142y i rozwi\u0105zania Food4Future. Jednym z g\u0142\u00f3wnych temat\u00f3w rozm\u00f3w by\u0142a \u201eBezpieczna \u017cywno\u015b\u0107 dla Europy\u201d i mo\u017cliwo\u015b\u0107 wykorzystania w tym celu system\u00f3w akwaponicznych. Zaprezentowali\u015bmy unikaln\u0105 koncepcj\u0119 technologiczn\u0105 i spo\u0142eczn\u0105<strong> miejskich farm akwaponicznych<\/strong>. <\/span><\/p>\n<p><span style=\"font-weight: 400;\">Informacje o projekcie USAGE <a href=\"https:\/\/aqfarm.eu\/\" target=\"_blank\" rel=\"noopener\">tutaj<\/a>.<\/span><\/p>\n<p>&nbsp;<\/p>\n<h5><img loading=\"lazy\" decoding=\"async\" class=\"aligncenter wp-image-1330 size-full\" src=\"https:\/\/f4ftech.com\/wp-content\/uploads\/2023\/04\/WhatsApp-Image-2023-04-21-at-16.41.44.webp\" alt=\"akwaponika\" width=\"1616\" height=\"1080\" srcset=\"https:\/\/f4ftech.com\/wp-content\/uploads\/2023\/04\/WhatsApp-Image-2023-04-21-at-16.41.44.webp 1616w, https:\/\/f4ftech.com\/wp-content\/uploads\/2023\/04\/WhatsApp-Image-2023-04-21-at-16.41.44-1280x855.webp 1280w, https:\/\/f4ftech.com\/wp-content\/uploads\/2023\/04\/WhatsApp-Image-2023-04-21-at-16.41.44-980x655.webp 980w, https:\/\/f4ftech.com\/wp-content\/uploads\/2023\/04\/WhatsApp-Image-2023-04-21-at-16.41.44-480x321.webp 480w\" sizes=\"(min-width: 0px) and (max-width: 480px) 480px, (min-width: 481px) and (max-width: 980px) 980px, (min-width: 981px) and (max-width: 1280px) 1280px, (min-width: 1281px) 1616px, 100vw\" \/><\/h5>\n<h2><\/h2>\n<h2><\/h2>\n<h2>Farma akwaponiczna 4 Future!<\/h2>\n<p><span style=\"font-weight: 400;\"><\/span><\/p>\n<p><span style=\"font-weight: 400;\">Jednym z kluczowych aspekt\u00f3w jest wsp\u00f3\u0142praca mi\u0119dzy Norwegi\u0105 a Polsk\u0105, gdzie powsta\u0142y dwie bli\u017aniacze farmy. Wsp\u00f3\u0142praca ta pomaga ustali\u0107 r\u00f3\u017cnice we wdra\u017caniu takich miast-farm, podobnych do tych we Wroc\u0142awiu i Oslo. R\u00f3\u017cnice wynikaj\u0105 z liczby mieszka\u0144c\u00f3w, rodzaju budynk\u00f3w, zanieczyszczenia powietrza, klimatu i wielu innych czynnik\u00f3w. Tego typu dane i sama uprawa jest kluczem do stworzenia nowego oblicza produkcji \u017cywno\u015bci na \u015bwiecie. <\/span><\/p>\n<p><span style=\"font-weight: 400;\">Informacje o projekcie USAGE <a href=\"https:\/\/aqfarm.eu\/projekt-usage\/\" target=\"_blank\" rel=\"noopener\">tutaj<\/a>.<\/span><\/p>\n<p><span style=\"font-weight: 400;\">SecureFood to inicjatywa Unii Europejskiej maj\u0105ca na celu zapewnienie bezpiecze\u0144stwa \u017cywno\u015bciowego w Europie. Program finansuje projekty badawcze i innowacyjne, kt\u00f3re maj\u0105 na celu zwi\u0119kszenie wydajno\u015bci i zr\u00f3wnowa\u017cenia produkcji \u017cywno\u015bci w Europie. Program koncentruje si\u0119 na wspieraniu rolnictwa i rybo\u0142\u00f3wstwa, ale obejmuje r\u00f3wnie\u017c inne obszary zwi\u0105zane z \u017cywno\u015bci\u0105, takie jak przetwarzanie, dystrybucja i konsumpcja. Celem SecureFood jest zapewnienie mieszka\u0144com Europy sta\u0142ego i bezpiecznego dost\u0119pu do wysokiej jako\u015bci \u017cywno\u015bci, przy jednoczesnej dba\u0142o\u015bci o \u015brodowisko i dobrostan zwierz\u0105t. <\/span><\/p>\n<p><span style=\"font-weight: 400;\"><\/span><\/p>\n<p><img loading=\"lazy\" decoding=\"async\" class=\"aligncenter wp-image-1324 size-full\" src=\"https:\/\/f4ftech.com\/wp-content\/uploads\/2023\/04\/WhatsApp-Image-2023-04-21-at-16.41.44-1.webp\" alt=\"\" width=\"1616\" height=\"1080\" srcset=\"https:\/\/f4ftech.com\/wp-content\/uploads\/2023\/04\/WhatsApp-Image-2023-04-21-at-16.41.44-1.webp 1616w, https:\/\/f4ftech.com\/wp-content\/uploads\/2023\/04\/WhatsApp-Image-2023-04-21-at-16.41.44-1-1280x855.webp 1280w, https:\/\/f4ftech.com\/wp-content\/uploads\/2023\/04\/WhatsApp-Image-2023-04-21-at-16.41.44-1-980x655.webp 980w, https:\/\/f4ftech.com\/wp-content\/uploads\/2023\/04\/WhatsApp-Image-2023-04-21-at-16.41.44-1-480x321.webp 480w\" sizes=\"(min-width: 0px) and (max-width: 480px) 480px, (min-width: 481px) and (max-width: 980px) 980px, (min-width: 981px) and (max-width: 1280px) 1280px, (min-width: 1281px) 1616px, 100vw\" \/><\/p>\n<p><strong>Jednym z naszych g\u0142\u00f3wnych cel\u00f3w jest oferowanie nowoczesnych, ekologicznych, a przede wszystkim wydajnych rozwi\u0105za\u0144 technologicznych w dziedzinie produkcji \u017cywno\u015bci.<\/strong> Cieszymy si\u0119 i jeste\u015bmy dumni z naszego zespo\u0142u, \u017ce nasze pomys\u0142y i rozwi\u0105zania zyskuj\u0105 na popularno\u015bci.<\/p>\n<p>Dzi\u015b Bruksela i Unia Europejska, a jutro&#8230;?<\/p>\n<p>Zach\u0119camy do odwiedzenia naszych medi\u00f3w spo\u0142eczno\u015bciowych: <a href=\"https:\/\/www.linkedin.com\/company\/f4ftech\/\" target=\"_blank\" rel=\"noopener\"><span style=\"font-weight: 400;\">LinkedIn<\/span><\/a>, <a href=\"https:\/\/www.facebook.com\/f4ftech\" target=\"_blank\" rel=\"noopener\"><span style=\"font-weight: 400;\">Facebook<\/span><\/a>, <a href=\"https:\/\/www.instagram.com\/food4futuretech\/\" target=\"_blank\" rel=\"noopener\">Instagram<\/a>. Nadszed\u0142 czas na <a href=\"https:\/\/f4ftech.com\/pl\/czas-na-zmiany-czas-na-food4future\/\">zmiany<\/a>.<\/p>\n<p>[\/et_pb_text][\/et_pb_column][\/et_pb_row][\/et_pb_section]<\/p>\n","protected":false},"excerpt":{"rendered":"<p>Kilka dni temu odwiedzi\u0142 nas Komisarz Virginijus Sinkevi\u010dius, kt\u00f3ry w ramach programu Unii Europejskiej \u201eBezpieczna \u017cywno\u015b\u0107 dla Europy\u201d (\u201eEuropejski Zielony \u0141ad\u201d) przyjrza\u0142 si\u0119 pracy i projektom Food4Future. &nbsp; Wi\u0119cej informacji na temat aktywno\u015bci naszego go\u015bcia mo\u017cna znale\u017a\u0107 tutaj. Virginijus Sinkevi\u010dius to litewski polityk, kt\u00f3ry od 2019 r. pe\u0142ni funkcj\u0119 komisarza UE ds. \u015brodowiska, ocean\u00f3w i [&hellip;]<\/p>\n","protected":false},"author":5,"featured_media":1353,"comment_status":"closed","ping_status":"closed","sticky":false,"template":"","format":"standard","meta":{"_et_pb_use_builder":"on","_et_pb_old_content":"","_et_gb_content_width":"","footnotes":""},"categories":[40],"tags":[],"class_list":["post-4295","post","type-post","status-publish","format-standard","has-post-thumbnail","hentry","category-aktualnosci-pl"],"_links":{"self":[{"href":"https:\/\/f4ftech.com\/pl\/wp-json\/wp\/v2\/posts\/4295","targetHints":{"allow":["GET"]}}],"collection":[{"href":"https:\/\/f4ftech.com\/pl\/wp-json\/wp\/v2\/posts"}],"about":[{"href":"https:\/\/f4ftech.com\/pl\/wp-json\/wp\/v2\/types\/post"}],"author":[{"embeddable":true,"href":"https:\/\/f4ftech.com\/pl\/wp-json\/wp\/v2\/users\/5"}],"replies":[{"embeddable":true,"href":"https:\/\/f4ftech.com\/pl\/wp-json\/wp\/v2\/comments?post=4295"}],"version-history":[{"count":3,"href":"https:\/\/f4ftech.com\/pl\/wp-json\/wp\/v2\/posts\/4295\/revisions"}],"predecessor-version":[{"id":4299,"href":"https:\/\/f4ftech.com\/pl\/wp-json\/wp\/v2\/posts\/4295\/revisions\/4299"}],"wp:featuredmedia":[{"embeddable":true,"href":"https:\/\/f4ftech.com\/pl\/wp-json\/wp\/v2\/media\/1353"}],"wp:attachment":[{"href":"https:\/\/f4ftech.com\/pl\/wp-json\/wp\/v2\/media?parent=4295"}],"wp:term":[{"taxonomy":"category","embeddable":true,"href":"https:\/\/f4ftech.com\/pl\/wp-json\/wp\/v2\/categories?post=4295"},{"taxonomy":"post_tag","embeddable":true,"href":"https:\/\/f4ftech.com\/pl\/wp-json\/wp\/v2\/tags?post=4295"}],"curies":[{"name":"wp","href":"https:\/\/api.w.org\/{rel}","templated":true}]}}