{"id":4290,"date":"2023-04-27T19:03:13","date_gmt":"2023-04-27T17:03:13","guid":{"rendered":"https:\/\/f4ftech.com\/vi-har-fatt-fokus-fra-brussel-aquaponic-farm-for-the-future\/"},"modified":"2026-03-07T22:09:38","modified_gmt":"2026-03-07T21:09:38","slug":"vi-har-fatt-fokus-fra-brussel-aquaponic-farm-for-the-future","status":"publish","type":"post","link":"https:\/\/f4ftech.com\/no\/vi-har-fatt-fokus-fra-brussel-aquaponic-farm-for-the-future\/","title":{"rendered":"Vi har f\u00e5tt fokus fra Brussel &#8211; Aquaponic Farm for the Future"},"content":{"rendered":"<p>[et_pb_section fb_built=&raquo;1&#8243; _builder_version=&raquo;4.27.6&#8243; _module_preset=&raquo;default&raquo; global_colors_info=&raquo;{}&raquo; theme_builder_area=&raquo;post_content&raquo;][et_pb_row admin_label=&raquo;rad&raquo; _builder_version=&raquo;4.16&#8243; background_size=&raquo;initial&raquo; background_position=&raquo;top_left&raquo; background_repeat=&raquo;repeat&raquo; locked=&raquo;off&raquo; global_colors_info=&raquo;{}&raquo; theme_builder_area=&raquo;post_content&raquo;][et_pb_column type=&raquo;4_4&#8243; _builder_version=&raquo;4.16&#8243; custom_padding=&raquo;|||&raquo; global_colors_info=&raquo;{}&raquo; custom_padding__hover=&raquo;|||&raquo; theme_builder_area=&raquo;post_content&raquo;][et_pb_text admin_label=&raquo;Text&raquo; _builder_version=&raquo;4.27.5&#8243; background_size=&raquo;initial&raquo; background_position=&raquo;top_left&raquo; background_repeat=&raquo;repeat&raquo; global_colors_info=&raquo;{}&raquo; theme_builder_area=&raquo;post_content&raquo;]<\/p>\n<h2><strong>For noen dager siden fikk vi bes\u00f8k av kommiss\u00e6r Virginijus Sinkevi\u010dius, som i forbindelse med EUs program &laquo;Secure food to Europe&raquo; (&laquo;European Green Deal&raquo;) s\u00e5 p\u00e5 arbeidet og prosjektene til Food4Future.<\/strong><\/h2>\n<p>&nbsp;<\/p>\n<p><img loading=\"lazy\" decoding=\"async\" class=\"aligncenter wp-image-1315 size-full\" src=\"https:\/\/f4ftech.com\/wp-content\/uploads\/2023\/04\/WhatsApp-Image-2023-04-21-at-16.41.43-1.webp\" alt=\"Akvaponisk system\" width=\"1616\" height=\"1080\" srcset=\"https:\/\/f4ftech.com\/wp-content\/uploads\/2023\/04\/WhatsApp-Image-2023-04-21-at-16.41.43-1.webp 1616w, https:\/\/f4ftech.com\/wp-content\/uploads\/2023\/04\/WhatsApp-Image-2023-04-21-at-16.41.43-1-1280x855.webp 1280w, https:\/\/f4ftech.com\/wp-content\/uploads\/2023\/04\/WhatsApp-Image-2023-04-21-at-16.41.43-1-980x655.webp 980w, https:\/\/f4ftech.com\/wp-content\/uploads\/2023\/04\/WhatsApp-Image-2023-04-21-at-16.41.43-1-480x321.webp 480w\" sizes=\"(min-width: 0px) and (max-width: 480px) 480px, (min-width: 481px) and (max-width: 980px) 980px, (min-width: 981px) and (max-width: 1280px) 1280px, (min-width: 1281px) 1616px, 100vw\" \/><\/p>\n<p><span style=\"font-weight: 400;\"><br \/>Du kan lese mer om v\u00e5re gjesters aktiviteter<\/span><a href=\"https:\/\/commissioners.ec.europa.eu\/virginijus-sinkevicius_en\" target=\"_blank\" rel=\"noopener\"> <span style=\"font-weight: 400;\">her<\/span><\/a><span style=\"font-weight: 400;\">.<\/span><\/p>\n<p><span style=\"font-weight: 400;\">Virginijus Sinkevi\u010dius er en litauisk politiker som har v\u00e6rt EU-kommiss\u00e6r for milj\u00f8, hav og fiskeri siden 2019. Han har tidligere v\u00e6rt Litauens \u00f8konomi- og innovasjonsminister og medlem av det litauiske parlamentet. <strong>Sinkevi\u010dius er kjent for sitt arbeid med \u00e5 fremme b\u00e6rekraftig utvikling og milj\u00f8vern, og han har spilt en n\u00f8kkelrolle i utformingen av EUs politikk p\u00e5 disse omr\u00e5dene.<\/strong> Han er ogs\u00e5 den yngste kommiss\u00e6ren noensinne i EUs historie. <\/span><\/p>\n<p>&nbsp;<\/p>\n<p><img loading=\"lazy\" decoding=\"async\" class=\"aligncenter wp-image-1321 size-full\" src=\"https:\/\/f4ftech.com\/wp-content\/uploads\/2023\/04\/WhatsApp-Image-2023-04-21-at-16.41.43.webp\" alt=\"\" width=\"1440\" height=\"960\" srcset=\"https:\/\/f4ftech.com\/wp-content\/uploads\/2023\/04\/WhatsApp-Image-2023-04-21-at-16.41.43.webp 1440w, https:\/\/f4ftech.com\/wp-content\/uploads\/2023\/04\/WhatsApp-Image-2023-04-21-at-16.41.43-1280x853.webp 1280w, https:\/\/f4ftech.com\/wp-content\/uploads\/2023\/04\/WhatsApp-Image-2023-04-21-at-16.41.43-980x653.webp 980w, https:\/\/f4ftech.com\/wp-content\/uploads\/2023\/04\/WhatsApp-Image-2023-04-21-at-16.41.43-480x320.webp 480w\" sizes=\"(min-width: 0px) and (max-width: 480px) 480px, (min-width: 481px) and (max-width: 980px) 980px, (min-width: 981px) and (max-width: 1280px) 1280px, (min-width: 1281px) 1440px, 100vw\" \/><\/p>\n<p><span style=\"font-weight: 400;\"><br \/>F\u00f8rst og fremst \u00f8nsket vi \u00e5 presentere mulighetene, ideene og l\u00f8sningene til Food4Future. Et av hovedtemaene for samtalen var &laquo;Sikker mat til Europa&raquo; og muligheten for \u00e5 bruke akvaponiske systemer. Vi presenterte et unikt teknologisk og sosialt konsept med urbane akvaponiske g\u00e5rder. <\/span><\/p>\n<p><span style=\"font-weight: 400;\">Finn ut mer om Urban AquaFarm <a href=\"https:\/\/aqfarm.eu\/\" target=\"_blank\" rel=\"noopener\">her.<\/a><\/span><\/p>\n<p>&nbsp;<\/p>\n<h5><img loading=\"lazy\" decoding=\"async\" class=\"aligncenter wp-image-1330 size-full\" src=\"https:\/\/f4ftech.com\/wp-content\/uploads\/2023\/04\/WhatsApp-Image-2023-04-21-at-16.41.44.webp\" alt=\"akvaponikk\" width=\"1616\" height=\"1080\" srcset=\"https:\/\/f4ftech.com\/wp-content\/uploads\/2023\/04\/WhatsApp-Image-2023-04-21-at-16.41.44.webp 1616w, https:\/\/f4ftech.com\/wp-content\/uploads\/2023\/04\/WhatsApp-Image-2023-04-21-at-16.41.44-1280x855.webp 1280w, https:\/\/f4ftech.com\/wp-content\/uploads\/2023\/04\/WhatsApp-Image-2023-04-21-at-16.41.44-980x655.webp 980w, https:\/\/f4ftech.com\/wp-content\/uploads\/2023\/04\/WhatsApp-Image-2023-04-21-at-16.41.44-480x321.webp 480w\" sizes=\"(min-width: 0px) and (max-width: 480px) 480px, (min-width: 481px) and (max-width: 980px) 980px, (min-width: 981px) and (max-width: 1280px) 1280px, (min-width: 1281px) 1616px, 100vw\" \/><\/h5>\n<h2><\/h2>\n<h2><\/h2>\n<h2>Aquaponic Farm 4 Future!<\/h2>\n<p><span style=\"font-weight: 400;\"><\/span><\/p>\n<p><span style=\"font-weight: 400;\">Et av de viktigste aspektene er samarbeidet mellom Norge og Polen, der det er etablert to tvillingg\u00e5rder. Samarbeidet bidrar til \u00e5 fastsl\u00e5 forskjellene i gjennomf\u00f8ringen av slike g\u00e5rdsbyer som de i Wroc\u0142aw og Oslo. Forskjellene skyldes antall innbyggere, type bygninger, luftforurensning, klima og mange andre faktorer. Denne typen data og selve dyrkingen er n\u00f8kkelen til \u00e5 skape et nytt ansikt for matproduksjonen i verden. <\/span><\/p>\n<p><span style=\"font-weight: 400;\">Informasjon om USAGE-prosjektet <a href=\"https:\/\/aqfarm.eu\/projekt-usage\/\" target=\"_blank\" rel=\"noopener\">her.<\/a><\/span><\/p>\n<p><span style=\"font-weight: 400;\">SecureFood er et EU-initiativ for \u00e5 sikre matvaresikkerheten i Europa. Programmet finansierer forsknings- og innovasjonsprosjekter som har som m\u00e5l \u00e5 \u00f8ke effektiviteten og b\u00e6rekraften i matproduksjonen i Europa. Programmet fokuserer p\u00e5 \u00e5 st\u00f8tte landbruk og fiskeri, men dekker ogs\u00e5 andre matrelaterte omr\u00e5der som foredling, distribusjon og forbruk. M\u00e5let med SecureFood er \u00e5 sikre at befolkningen i Europa har jevn og trygg tilgang til mat av h\u00f8y kvalitet, samtidig som milj\u00f8et og dyrevelferden ivaretas. <\/span><\/p>\n<p><span style=\"font-weight: 400;\"><\/span><\/p>\n<p><img loading=\"lazy\" decoding=\"async\" class=\"aligncenter wp-image-1324 size-full\" src=\"https:\/\/f4ftech.com\/wp-content\/uploads\/2023\/04\/WhatsApp-Image-2023-04-21-at-16.41.44-1.webp\" alt=\"\" width=\"1616\" height=\"1080\" srcset=\"https:\/\/f4ftech.com\/wp-content\/uploads\/2023\/04\/WhatsApp-Image-2023-04-21-at-16.41.44-1.webp 1616w, https:\/\/f4ftech.com\/wp-content\/uploads\/2023\/04\/WhatsApp-Image-2023-04-21-at-16.41.44-1-1280x855.webp 1280w, https:\/\/f4ftech.com\/wp-content\/uploads\/2023\/04\/WhatsApp-Image-2023-04-21-at-16.41.44-1-980x655.webp 980w, https:\/\/f4ftech.com\/wp-content\/uploads\/2023\/04\/WhatsApp-Image-2023-04-21-at-16.41.44-1-480x321.webp 480w\" sizes=\"(min-width: 0px) and (max-width: 480px) 480px, (min-width: 481px) and (max-width: 980px) 980px, (min-width: 981px) and (max-width: 1280px) 1280px, (min-width: 1281px) 1616px, 100vw\" \/><\/p>\n<p>Et av v\u00e5re hovedm\u00e5l er \u00e5 tilby moderne, \u00f8kologiske og fremfor alt effektive teknologiske l\u00f8sninger innen matproduksjon. Vi er glade og stolte av teamet v\u00e5rt og av at ideene og l\u00f8sningene v\u00e5re vinner terreng.<\/p>\n<p>I dag Brussel og EU, og i morgen&#8230;?<\/p>\n<p>Vi oppfordrer deg til \u00e5 bes\u00f8ke v\u00e5re sosiale medier: <a href=\"https:\/\/www.linkedin.com\/company\/f4ftech\/\" target=\"_blank\" rel=\"noopener\"><span style=\"font-weight: 400;\">LinkedIn<\/span><\/a>, <a href=\"https:\/\/www.facebook.com\/f4ftech\" target=\"_blank\" rel=\"noopener\"><span style=\"font-weight: 400;\">Facebook, <\/span><\/a><a href=\"https:\/\/www.instagram.com\/food4futuretech\/\" target=\"_blank\" rel=\"noopener\">Instagram<\/a>. Det er p\u00e5 tide med en <a href=\"https:\/\/f4ftech.com\/no\/tid-for-endring-tid-for-food4future-time-for-food4future\/\">forandring<\/a>.<\/p>\n<p>[\/et_pb_text][\/et_pb_column][\/et_pb_row][\/et_pb_section]<\/p>\n","protected":false},"excerpt":{"rendered":"<p>For noen dager siden fikk vi bes\u00f8k av kommiss\u00e6r Virginijus Sinkevi\u010dius, som i forbindelse med EUs program &laquo;Secure food to Europe&raquo; (&laquo;European Green Deal&raquo;) s\u00e5 p\u00e5 arbeidet og prosjektene til Food4Future. &nbsp; Du kan lese mer om v\u00e5re gjesters aktiviteter her. Virginijus Sinkevi\u010dius er en litauisk politiker som har v\u00e6rt EU-kommiss\u00e6r for milj\u00f8, hav og [&hellip;]<\/p>\n","protected":false},"author":5,"featured_media":1352,"comment_status":"closed","ping_status":"closed","sticky":false,"template":"","format":"standard","meta":{"_et_pb_use_builder":"on","_et_pb_old_content":"","_et_gb_content_width":"","footnotes":""},"categories":[48],"tags":[],"class_list":["post-4290","post","type-post","status-publish","format-standard","has-post-thumbnail","hentry","category-nyheter"],"_links":{"self":[{"href":"https:\/\/f4ftech.com\/no\/wp-json\/wp\/v2\/posts\/4290","targetHints":{"allow":["GET"]}}],"collection":[{"href":"https:\/\/f4ftech.com\/no\/wp-json\/wp\/v2\/posts"}],"about":[{"href":"https:\/\/f4ftech.com\/no\/wp-json\/wp\/v2\/types\/post"}],"author":[{"embeddable":true,"href":"https:\/\/f4ftech.com\/no\/wp-json\/wp\/v2\/users\/5"}],"replies":[{"embeddable":true,"href":"https:\/\/f4ftech.com\/no\/wp-json\/wp\/v2\/comments?post=4290"}],"version-history":[{"count":3,"href":"https:\/\/f4ftech.com\/no\/wp-json\/wp\/v2\/posts\/4290\/revisions"}],"predecessor-version":[{"id":4293,"href":"https:\/\/f4ftech.com\/no\/wp-json\/wp\/v2\/posts\/4290\/revisions\/4293"}],"wp:featuredmedia":[{"embeddable":true,"href":"https:\/\/f4ftech.com\/no\/wp-json\/wp\/v2\/media\/1352"}],"wp:attachment":[{"href":"https:\/\/f4ftech.com\/no\/wp-json\/wp\/v2\/media?parent=4290"}],"wp:term":[{"taxonomy":"category","embeddable":true,"href":"https:\/\/f4ftech.com\/no\/wp-json\/wp\/v2\/categories?post=4290"},{"taxonomy":"post_tag","embeddable":true,"href":"https:\/\/f4ftech.com\/no\/wp-json\/wp\/v2\/tags?post=4290"}],"curies":[{"name":"wp","href":"https:\/\/api.w.org\/{rel}","templated":true}]}}